{"id":61,"date":"2024-12-30T16:50:03","date_gmt":"2024-12-30T16:50:03","guid":{"rendered":"https:\/\/moja-primalja.hr\/?p=61"},"modified":"2024-12-30T16:57:12","modified_gmt":"2024-12-30T16:57:12","slug":"sijecanj-u-mojoj-primalji","status":"publish","type":"post","link":"https:\/\/moja-primalja.hr\/index.php\/2024\/12\/30\/sijecanj-u-mojoj-primalji\/","title":{"rendered":"Sije\u010danj u Mojoj Primalji"},"content":{"rendered":"\n<p>Za sve vas koji se pripremate za najposebniji trenutak \u2013 dolazak va\u0161e bebe \u2013 u Mojoj Primalji smo osmislili posebne radionice i te\u010daj kako biste se osje\u0107ali potpuno spremni i sigurni. \u2728<br>Uz stru\u010dnu i emocionalnu podr\u0161ku, pomo\u0107i \u0107emo vam da pro\u0111ete kroz svaki korak trudno\u0107e, poroda i roditeljstva, s ljubavlju, smireno\u0161\u0107u i povjerenjem. \ud83d\udc96<\/p>\n\n\n\n<p>\u2728Trudno\u0107a i porod: S ljubavlju i povjerenjem&#8221;<br>Na ovoj radionici nau\u010dit \u0107ete kako se pripremiti za porod kroz smireno vo\u0111enje i emocionalnu podr\u0161ku. Bit \u0107ete vo\u0111eni kroz fizi\u010dke i emocionalne promjene koje donosi trudno\u0107a i porod, a uz moju pomo\u0107, bit \u0107ete spremni, povezani sa sobom i svojom bebom, s povjerenjem u proces poroda. Ovdje \u0107ete osjetiti sigurnost, ljubav i smirenost. \ud83e\udd70<\/p>\n\n\n\n<p>\u2728Postpartum: Ljubav, mir i povezanost&#8221;<br>Nakon poroda dolazi razdoblje prilagodbe na novu ulogu majke, tate. Izgradnja posebne veze s bebom i pronala\u017eenje unutarnjeg mira. Ova radionica pomo\u0107i \u0107e vam da se osje\u0107ate sigurno, smireno i povezano u prvim danima roditeljstva,dojenje, njega bebe.<\/p>\n\n\n\n<p>\u2728Te\u010daj: &#8220;Priprema za porod i postpartum&#8221; \ud83c\udf38<br>Ovaj te\u010daj je osmi\u0161ljen kako biste zajedno sa stru\u010dnjacima \u2013 ginekologom, pedijatrom, fizioterapeutom i primaljom \u2013 stekli sve potrebne vje\u0161tine i znanje za siguran porod i prve dane s bebom. Kroz prakti\u010dne savjete i emocionalnu podr\u0161ku, bit \u0107ete potpuno pripremljeni za izazove trudno\u0107e, poroda i postpartum razdoblja. Te\u010daj je interaktivan. \ud83d\ude0a<\/p>\n\n\n\n<p>\ud83c\udf3f Za\u0161to se prijaviti?<\/p>\n\n\n\n<p>\u2728Stru\u010dna i emocionalna podr\u0161ka kroz sve faze trudno\u0107e, poroda i roditeljstva.<br>\u2728Prakti\u010dni savjeti koji \u0107e vam pomo\u0107i da se osje\u0107ate smireno, povezano i sigurno.<br>\u2728Ljubav, mir i povjerenje kroz svaki korak va\u0161eg puta.<\/p>\n\n\n\n<p>\ud83d\udcc5 Prijavite se ve\u0107 danas! Mjesta su ograni\u010dena kako bismo svakom paru posvetili potpunu pa\u017enju i podr\u0161ku. Za prijave i vi\u0161e informacija, slobodno kontaktirajte moja.primalja@gmail.com.<\/p>\n\n\n\n<p><\/p>\n","protected":false},"excerpt":{"rendered":"<p>Za sve vas koji se pripremate za najposebniji trenutak \u2013 dolazak va\u0161e bebe \u2013 u Mojoj Primalji smo osmislili posebne [&hellip;]<\/p>\n","protected":false},"author":2,"featured_media":0,"comment_status":"open","ping_status":"closed","sticky":false,"template":"","format":"standard","meta":{"_uag_custom_page_level_css":"","site-sidebar-layout":"default","site-content-layout":"","ast-site-content-layout":"default","site-content-style":"default","site-sidebar-style":"default","ast-global-header-display":"","ast-banner-title-visibility":"","ast-main-header-display":"","ast-hfb-above-header-display":"","ast-hfb-below-header-display":"","ast-hfb-mobile-header-display":"","site-post-title":"","ast-breadcrumbs-content":"","ast-featured-img":"","footer-sml-layout":"","ast-disable-related-posts":"","theme-transparent-header-meta":"","adv-header-id-meta":"","stick-header-meta":"","header-above-stick-meta":"","header-main-stick-meta":"","header-below-stick-meta":"","astra-migrate-meta-layouts":"default","ast-page-background-enabled":"default","ast-page-background-meta":{"desktop":{"background-color":"var(--ast-global-color-4)","background-image":"","background-repeat":"repeat","background-position":"center center","background-size":"auto","background-attachment":"scroll","background-type":"","background-media":"","overlay-type":"","overlay-color":"","overlay-opacity":"","overlay-gradient":""},"tablet":{"background-color":"","background-image":"","background-repeat":"repeat","background-position":"center center","background-size":"auto","background-attachment":"scroll","background-type":"","background-media":"","overlay-type":"","overlay-color":"","overlay-opacity":"","overlay-gradient":""},"mobile":{"background-color":"","background-image":"","background-repeat":"repeat","background-position":"center center","background-size":"auto","background-attachment":"scroll","background-type":"","background-media":"","overlay-type":"","overlay-color":"","overlay-opacity":"","overlay-gradient":""}},"ast-content-background-meta":{"desktop":{"background-color":"var(--ast-global-color-5)","background-image":"","background-repeat":"repeat","background-position":"center center","background-size":"auto","background-attachment":"scroll","background-type":"","background-media":"","overlay-type":"","overlay-color":"","overlay-opacity":"","overlay-gradient":""},"tablet":{"background-color":"var(--ast-global-color-5)","background-image":"","background-repeat":"repeat","background-position":"center center","background-size":"auto","background-attachment":"scroll","background-type":"","background-media":"","overlay-type":"","overlay-color":"","overlay-opacity":"","overlay-gradient":""},"mobile":{"background-color":"var(--ast-global-color-5)","background-image":"","background-repeat":"repeat","background-position":"center center","background-size":"auto","background-attachment":"scroll","background-type":"","background-media":"","overlay-type":"","overlay-color":"","overlay-opacity":"","overlay-gradient":""}},"footnotes":""},"categories":[4],"tags":[],"class_list":["post-61","post","type-post","status-publish","format-standard","hentry","category-objave"],"yoast_head":"<!-- This site is optimized with the Yoast SEO plugin v26.8 - https:\/\/yoast.com\/product\/yoast-seo-wordpress\/ -->\n<title>Sije\u010danj u Mojoj Primalji - Moja Primalja<\/title>\n<meta name=\"robots\" content=\"index, follow, max-snippet:-1, max-image-preview:large, max-video-preview:-1\" \/>\n<link rel=\"canonical\" href=\"https:\/\/moja-primalja.hr\/index.php\/2024\/12\/30\/sijecanj-u-mojoj-primalji\/\" \/>\n<meta property=\"og:locale\" content=\"hr_HR\" \/>\n<meta property=\"og:type\" content=\"article\" \/>\n<meta property=\"og:title\" content=\"Sije\u010danj u Mojoj Primalji - Moja Primalja\" \/>\n<meta property=\"og:description\" content=\"Za sve vas koji se pripremate za najposebniji trenutak \u2013 dolazak va\u0161e bebe \u2013 u Mojoj Primalji smo osmislili posebne [&hellip;]\" \/>\n<meta property=\"og:url\" content=\"https:\/\/moja-primalja.hr\/index.php\/2024\/12\/30\/sijecanj-u-mojoj-primalji\/\" \/>\n<meta property=\"og:site_name\" content=\"Moja Primalja\" \/>\n<meta property=\"article:published_time\" content=\"2024-12-30T16:50:03+00:00\" \/>\n<meta property=\"article:modified_time\" content=\"2024-12-30T16:57:12+00:00\" \/>\n<meta name=\"author\" content=\"admin\" \/>\n<meta name=\"twitter:card\" content=\"summary_large_image\" \/>\n<meta name=\"twitter:label1\" content=\"Napisao\/la\" \/>\n\t<meta name=\"twitter:data1\" content=\"admin\" \/>\n\t<meta name=\"twitter:label2\" content=\"Procijenjeno vrijeme \u010ditanja\" \/>\n\t<meta name=\"twitter:data2\" content=\"2 minute\" \/>\n<script type=\"application\/ld+json\" class=\"yoast-schema-graph\">{\"@context\":\"https:\/\/schema.org\",\"@graph\":[{\"@type\":\"Article\",\"@id\":\"https:\/\/moja-primalja.hr\/index.php\/2024\/12\/30\/sijecanj-u-mojoj-primalji\/#article\",\"isPartOf\":{\"@id\":\"https:\/\/moja-primalja.hr\/index.php\/2024\/12\/30\/sijecanj-u-mojoj-primalji\/\"},\"author\":{\"name\":\"admin\",\"@id\":\"https:\/\/moja-primalja.hr\/#\/schema\/person\/ceff2a7a135f1daea2a4ccd2c62f5904\"},\"headline\":\"Sije\u010danj u Mojoj Primalji\",\"datePublished\":\"2024-12-30T16:50:03+00:00\",\"dateModified\":\"2024-12-30T16:57:12+00:00\",\"mainEntityOfPage\":{\"@id\":\"https:\/\/moja-primalja.hr\/index.php\/2024\/12\/30\/sijecanj-u-mojoj-primalji\/\"},\"wordCount\":317,\"commentCount\":0,\"publisher\":{\"@id\":\"https:\/\/moja-primalja.hr\/#organization\"},\"articleSection\":[\"objave\"],\"inLanguage\":\"hr\",\"potentialAction\":[{\"@type\":\"CommentAction\",\"name\":\"Comment\",\"target\":[\"https:\/\/moja-primalja.hr\/index.php\/2024\/12\/30\/sijecanj-u-mojoj-primalji\/#respond\"]}]},{\"@type\":\"WebPage\",\"@id\":\"https:\/\/moja-primalja.hr\/index.php\/2024\/12\/30\/sijecanj-u-mojoj-primalji\/\",\"url\":\"https:\/\/moja-primalja.hr\/index.php\/2024\/12\/30\/sijecanj-u-mojoj-primalji\/\",\"name\":\"Sije\u010danj u Mojoj Primalji - Moja Primalja\",\"isPartOf\":{\"@id\":\"https:\/\/moja-primalja.hr\/#website\"},\"datePublished\":\"2024-12-30T16:50:03+00:00\",\"dateModified\":\"2024-12-30T16:57:12+00:00\",\"breadcrumb\":{\"@id\":\"https:\/\/moja-primalja.hr\/index.php\/2024\/12\/30\/sijecanj-u-mojoj-primalji\/#breadcrumb\"},\"inLanguage\":\"hr\",\"potentialAction\":[{\"@type\":\"ReadAction\",\"target\":[\"https:\/\/moja-primalja.hr\/index.php\/2024\/12\/30\/sijecanj-u-mojoj-primalji\/\"]}]},{\"@type\":\"BreadcrumbList\",\"@id\":\"https:\/\/moja-primalja.hr\/index.php\/2024\/12\/30\/sijecanj-u-mojoj-primalji\/#breadcrumb\",\"itemListElement\":[{\"@type\":\"ListItem\",\"position\":1,\"name\":\"Po\u010detna stranica\",\"item\":\"https:\/\/moja-primalja.hr\/\"},{\"@type\":\"ListItem\",\"position\":2,\"name\":\"Sije\u010danj u Mojoj Primalji\"}]},{\"@type\":\"WebSite\",\"@id\":\"https:\/\/moja-primalja.hr\/#website\",\"url\":\"https:\/\/moja-primalja.hr\/\",\"name\":\"Moja Primalja\",\"description\":\"prva privatna primaljska njega\",\"publisher\":{\"@id\":\"https:\/\/moja-primalja.hr\/#organization\"},\"potentialAction\":[{\"@type\":\"SearchAction\",\"target\":{\"@type\":\"EntryPoint\",\"urlTemplate\":\"https:\/\/moja-primalja.hr\/?s={search_term_string}\"},\"query-input\":{\"@type\":\"PropertyValueSpecification\",\"valueRequired\":true,\"valueName\":\"search_term_string\"}}],\"inLanguage\":\"hr\"},{\"@type\":\"Organization\",\"@id\":\"https:\/\/moja-primalja.hr\/#organization\",\"name\":\"Moja Primalja\",\"url\":\"https:\/\/moja-primalja.hr\/\",\"logo\":{\"@type\":\"ImageObject\",\"inLanguage\":\"hr\",\"@id\":\"https:\/\/moja-primalja.hr\/#\/schema\/logo\/image\/\",\"url\":\"https:\/\/moja-primalja.hr\/wp-content\/uploads\/2024\/12\/cropped-cropped-Color-logo-PNG-e1735569850456-1.png\",\"contentUrl\":\"https:\/\/moja-primalja.hr\/wp-content\/uploads\/2024\/12\/cropped-cropped-Color-logo-PNG-e1735569850456-1.png\",\"width\":247,\"height\":222,\"caption\":\"Moja Primalja\"},\"image\":{\"@id\":\"https:\/\/moja-primalja.hr\/#\/schema\/logo\/image\/\"}},{\"@type\":\"Person\",\"@id\":\"https:\/\/moja-primalja.hr\/#\/schema\/person\/ceff2a7a135f1daea2a4ccd2c62f5904\",\"name\":\"admin\",\"image\":{\"@type\":\"ImageObject\",\"inLanguage\":\"hr\",\"@id\":\"https:\/\/moja-primalja.hr\/#\/schema\/person\/image\/\",\"url\":\"https:\/\/secure.gravatar.com\/avatar\/dfabc56508d626ed910f08e697586bd7?s=96&d=mm&r=g\",\"contentUrl\":\"https:\/\/secure.gravatar.com\/avatar\/dfabc56508d626ed910f08e697586bd7?s=96&d=mm&r=g\",\"caption\":\"admin\"},\"sameAs\":[\"https:\/\/moja-primalja.hr\"],\"url\":\"https:\/\/moja-primalja.hr\/index.php\/author\/admin\/\"}]}<\/script>\n<!-- \/ Yoast SEO plugin. -->","yoast_head_json":{"title":"Sije\u010danj u Mojoj Primalji - Moja Primalja","robots":{"index":"index","follow":"follow","max-snippet":"max-snippet:-1","max-image-preview":"max-image-preview:large","max-video-preview":"max-video-preview:-1"},"canonical":"https:\/\/moja-primalja.hr\/index.php\/2024\/12\/30\/sijecanj-u-mojoj-primalji\/","og_locale":"hr_HR","og_type":"article","og_title":"Sije\u010danj u Mojoj Primalji - Moja Primalja","og_description":"Za sve vas koji se pripremate za najposebniji trenutak \u2013 dolazak va\u0161e bebe \u2013 u Mojoj Primalji smo osmislili posebne [&hellip;]","og_url":"https:\/\/moja-primalja.hr\/index.php\/2024\/12\/30\/sijecanj-u-mojoj-primalji\/","og_site_name":"Moja Primalja","article_published_time":"2024-12-30T16:50:03+00:00","article_modified_time":"2024-12-30T16:57:12+00:00","author":"admin","twitter_card":"summary_large_image","twitter_misc":{"Napisao\/la":"admin","Procijenjeno vrijeme \u010ditanja":"2 minute"},"schema":{"@context":"https:\/\/schema.org","@graph":[{"@type":"Article","@id":"https:\/\/moja-primalja.hr\/index.php\/2024\/12\/30\/sijecanj-u-mojoj-primalji\/#article","isPartOf":{"@id":"https:\/\/moja-primalja.hr\/index.php\/2024\/12\/30\/sijecanj-u-mojoj-primalji\/"},"author":{"name":"admin","@id":"https:\/\/moja-primalja.hr\/#\/schema\/person\/ceff2a7a135f1daea2a4ccd2c62f5904"},"headline":"Sije\u010danj u Mojoj Primalji","datePublished":"2024-12-30T16:50:03+00:00","dateModified":"2024-12-30T16:57:12+00:00","mainEntityOfPage":{"@id":"https:\/\/moja-primalja.hr\/index.php\/2024\/12\/30\/sijecanj-u-mojoj-primalji\/"},"wordCount":317,"commentCount":0,"publisher":{"@id":"https:\/\/moja-primalja.hr\/#organization"},"articleSection":["objave"],"inLanguage":"hr","potentialAction":[{"@type":"CommentAction","name":"Comment","target":["https:\/\/moja-primalja.hr\/index.php\/2024\/12\/30\/sijecanj-u-mojoj-primalji\/#respond"]}]},{"@type":"WebPage","@id":"https:\/\/moja-primalja.hr\/index.php\/2024\/12\/30\/sijecanj-u-mojoj-primalji\/","url":"https:\/\/moja-primalja.hr\/index.php\/2024\/12\/30\/sijecanj-u-mojoj-primalji\/","name":"Sije\u010danj u Mojoj Primalji - Moja Primalja","isPartOf":{"@id":"https:\/\/moja-primalja.hr\/#website"},"datePublished":"2024-12-30T16:50:03+00:00","dateModified":"2024-12-30T16:57:12+00:00","breadcrumb":{"@id":"https:\/\/moja-primalja.hr\/index.php\/2024\/12\/30\/sijecanj-u-mojoj-primalji\/#breadcrumb"},"inLanguage":"hr","potentialAction":[{"@type":"ReadAction","target":["https:\/\/moja-primalja.hr\/index.php\/2024\/12\/30\/sijecanj-u-mojoj-primalji\/"]}]},{"@type":"BreadcrumbList","@id":"https:\/\/moja-primalja.hr\/index.php\/2024\/12\/30\/sijecanj-u-mojoj-primalji\/#breadcrumb","itemListElement":[{"@type":"ListItem","position":1,"name":"Po\u010detna stranica","item":"https:\/\/moja-primalja.hr\/"},{"@type":"ListItem","position":2,"name":"Sije\u010danj u Mojoj Primalji"}]},{"@type":"WebSite","@id":"https:\/\/moja-primalja.hr\/#website","url":"https:\/\/moja-primalja.hr\/","name":"Moja Primalja","description":"prva privatna primaljska njega","publisher":{"@id":"https:\/\/moja-primalja.hr\/#organization"},"potentialAction":[{"@type":"SearchAction","target":{"@type":"EntryPoint","urlTemplate":"https:\/\/moja-primalja.hr\/?s={search_term_string}"},"query-input":{"@type":"PropertyValueSpecification","valueRequired":true,"valueName":"search_term_string"}}],"inLanguage":"hr"},{"@type":"Organization","@id":"https:\/\/moja-primalja.hr\/#organization","name":"Moja Primalja","url":"https:\/\/moja-primalja.hr\/","logo":{"@type":"ImageObject","inLanguage":"hr","@id":"https:\/\/moja-primalja.hr\/#\/schema\/logo\/image\/","url":"https:\/\/moja-primalja.hr\/wp-content\/uploads\/2024\/12\/cropped-cropped-Color-logo-PNG-e1735569850456-1.png","contentUrl":"https:\/\/moja-primalja.hr\/wp-content\/uploads\/2024\/12\/cropped-cropped-Color-logo-PNG-e1735569850456-1.png","width":247,"height":222,"caption":"Moja Primalja"},"image":{"@id":"https:\/\/moja-primalja.hr\/#\/schema\/logo\/image\/"}},{"@type":"Person","@id":"https:\/\/moja-primalja.hr\/#\/schema\/person\/ceff2a7a135f1daea2a4ccd2c62f5904","name":"admin","image":{"@type":"ImageObject","inLanguage":"hr","@id":"https:\/\/moja-primalja.hr\/#\/schema\/person\/image\/","url":"https:\/\/secure.gravatar.com\/avatar\/dfabc56508d626ed910f08e697586bd7?s=96&d=mm&r=g","contentUrl":"https:\/\/secure.gravatar.com\/avatar\/dfabc56508d626ed910f08e697586bd7?s=96&d=mm&r=g","caption":"admin"},"sameAs":["https:\/\/moja-primalja.hr"],"url":"https:\/\/moja-primalja.hr\/index.php\/author\/admin\/"}]}},"uagb_featured_image_src":{"full":false,"thumbnail":false,"medium":false,"medium_large":false,"large":false,"1536x1536":false,"2048x2048":false},"uagb_author_info":{"display_name":"admin","author_link":"https:\/\/moja-primalja.hr\/index.php\/author\/admin\/"},"uagb_comment_info":0,"uagb_excerpt":"Za sve vas koji se pripremate za najposebniji trenutak \u2013 dolazak va\u0161e bebe \u2013 u Mojoj Primalji smo osmislili posebne [&hellip;]","_links":{"self":[{"href":"https:\/\/moja-primalja.hr\/index.php\/wp-json\/wp\/v2\/posts\/61","targetHints":{"allow":["GET"]}}],"collection":[{"href":"https:\/\/moja-primalja.hr\/index.php\/wp-json\/wp\/v2\/posts"}],"about":[{"href":"https:\/\/moja-primalja.hr\/index.php\/wp-json\/wp\/v2\/types\/post"}],"author":[{"embeddable":true,"href":"https:\/\/moja-primalja.hr\/index.php\/wp-json\/wp\/v2\/users\/2"}],"replies":[{"embeddable":true,"href":"https:\/\/moja-primalja.hr\/index.php\/wp-json\/wp\/v2\/comments?post=61"}],"version-history":[{"count":1,"href":"https:\/\/moja-primalja.hr\/index.php\/wp-json\/wp\/v2\/posts\/61\/revisions"}],"predecessor-version":[{"id":62,"href":"https:\/\/moja-primalja.hr\/index.php\/wp-json\/wp\/v2\/posts\/61\/revisions\/62"}],"wp:attachment":[{"href":"https:\/\/moja-primalja.hr\/index.php\/wp-json\/wp\/v2\/media?parent=61"}],"wp:term":[{"taxonomy":"category","embeddable":true,"href":"https:\/\/moja-primalja.hr\/index.php\/wp-json\/wp\/v2\/categories?post=61"},{"taxonomy":"post_tag","embeddable":true,"href":"https:\/\/moja-primalja.hr\/index.php\/wp-json\/wp\/v2\/tags?post=61"}],"curies":[{"name":"wp","href":"https:\/\/api.w.org\/{rel}","templated":true}]}}